{"id":8120,"date":"2022-06-01T18:25:17","date_gmt":"2022-06-01T18:25:17","guid":{"rendered":"https:\/\/grupodeestudiosafricanos.org\/cms\/?p=8120"},"modified":"2022-06-01T18:25:19","modified_gmt":"2022-06-01T18:25:19","slug":"advirten-que-la-presa-del-renacimiento-etiope-impactara-a-diferentes-niveles","status":"publish","type":"post","link":"https:\/\/grupodeestudiosafricanos.org\/en\/noticias\/advirten-que-la-presa-del-renacimiento-etiope-impactara-a-diferentes-niveles.html","title":{"rendered":"Advirten que la Presa del Renacimiento et\u00edope impactar\u00e1 a diferentes niveles"},"content":{"rendered":"\n<h3 class=\"wp-block-heading\">Este mi\u00e9rcoles 01jun22 se realiz\u00f3 la tercera sesi\u00f3n del curso online del GEA sobre extractivas<\/h3>\n\n\n\n<p> La profesora e investigadora del <strong>Grupo de Estudios Africanos<\/strong> de la Universidad Aut\u00f3noma de Madrid, Elsa Aim\u00e9 Gonz\u00e1lez,  advirti\u00f3 que la Presa del Renacimiento et\u00edope no solo impactar\u00e1 a nivel pol\u00edtico y econ\u00f3mico en la regi\u00f3n, sino que tambi\u00e9n afectar\u00e1 al medioambiente y a las poblaciones agropastorales, las cuales no han sido incluidas en los debates sobre este gran proyecto hidroel\u00e9ctrico.<\/p>\n\n\n\n<p>Aim\u00e9 dict\u00f3 la tercera sesi\u00f3n del M\u00f3dulo II del curso:  <br><strong><em>&#8220;Expansi\u00f3n de la frontera extractiva: Implicaciones para el este de \u00c1frica&#8221; <\/em><\/strong>, de la serie online: <strong>#EncuentrosCon\u00c1frica\u00a0<\/strong> que organizan el GEA con La Casa Encendida y en la cual la investigadora coment\u00f3 que independientemente de las posibles ventajas de esta Presa su construcci\u00f3n se puso en marcha sin ning\u00fan estudio medioambiental. <\/p>\n\n\n\n<p><\/p>\n","protected":false},"excerpt":{"rendered":"<p>Este mi\u00e9rcoles 01jun22 se realiz\u00f3 la tercera sesi\u00f3n del curso online del GEA sobre extractivas La profesora e investigadora del Grupo de Estudios Africanos de la Universidad Aut\u00f3noma de Madrid, Elsa Aim\u00e9 Gonz\u00e1lez, advirti\u00f3 que la Presa del Renacimiento et\u00edope no solo impactar\u00e1 a nivel pol\u00edtico y econ\u00f3mico en la regi\u00f3n, sino que tambi\u00e9n afectar\u00e1 [&hellip;]<\/p>\n","protected":false},"author":7,"featured_media":8121,"comment_status":"closed","ping_status":"open","sticky":false,"template":"","format":"standard","meta":{"_acf_changed":false,"_et_pb_use_builder":"","_et_pb_old_content":"","_et_gb_content_width":"","footnotes":""},"categories":[9],"tags":[],"class_list":["post-8120","post","type-post","status-publish","format-standard","has-post-thumbnail","hentry","category-noticias"],"acf":[],"_links":{"self":[{"href":"https:\/\/grupodeestudiosafricanos.org\/en\/wp-json\/wp\/v2\/posts\/8120","targetHints":{"allow":["GET"]}}],"collection":[{"href":"https:\/\/grupodeestudiosafricanos.org\/en\/wp-json\/wp\/v2\/posts"}],"about":[{"href":"https:\/\/grupodeestudiosafricanos.org\/en\/wp-json\/wp\/v2\/types\/post"}],"author":[{"embeddable":true,"href":"https:\/\/grupodeestudiosafricanos.org\/en\/wp-json\/wp\/v2\/users\/7"}],"replies":[{"embeddable":true,"href":"https:\/\/grupodeestudiosafricanos.org\/en\/wp-json\/wp\/v2\/comments?post=8120"}],"version-history":[{"count":0,"href":"https:\/\/grupodeestudiosafricanos.org\/en\/wp-json\/wp\/v2\/posts\/8120\/revisions"}],"wp:featuredmedia":[{"embeddable":true,"href":"https:\/\/grupodeestudiosafricanos.org\/en\/wp-json\/wp\/v2\/media\/8121"}],"wp:attachment":[{"href":"https:\/\/grupodeestudiosafricanos.org\/en\/wp-json\/wp\/v2\/media?parent=8120"}],"wp:term":[{"taxonomy":"category","embeddable":true,"href":"https:\/\/grupodeestudiosafricanos.org\/en\/wp-json\/wp\/v2\/categories?post=8120"},{"taxonomy":"post_tag","embeddable":true,"href":"https:\/\/grupodeestudiosafricanos.org\/en\/wp-json\/wp\/v2\/tags?post=8120"}],"curies":[{"name":"wp","href":"https:\/\/api.w.org\/{rel}","templated":true}]}}