{"id":8053,"date":"2022-05-25T10:59:59","date_gmt":"2022-05-25T10:59:59","guid":{"rendered":"https:\/\/grupodeestudiosafricanos.org\/cms\/?p=8053"},"modified":"2022-05-25T11:00:02","modified_gmt":"2022-05-25T11:00:02","slug":"el-gea_uam-presenta-el-informe-construccion-de-la-paz-en-el-sahelpropuestas-desde-la-sociedad-civil-para-ir-mas-alla-de-la-respuesta-militar","status":"publish","type":"post","link":"https:\/\/grupodeestudiosafricanos.org\/en\/noticias\/el-gea_uam-presenta-el-informe-construccion-de-la-paz-en-el-sahelpropuestas-desde-la-sociedad-civil-para-ir-mas-alla-de-la-respuesta-militar.html","title":{"rendered":"El  @GEA_UAM  presenta el informe: &#8220;Construcci\u00f3n de la paz en el Sahel:&#8221;Propuestas desde la sociedad civil para ir m\u00e1s all\u00e1 de la respuesta militar&#8221;"},"content":{"rendered":"\n<h3 class=\"wp-block-heading\"> Un proyecto con <a href=\"https:\/\/twitter.com\/OxfamIntermon\">@OxfamIntermon<\/a> y <a href=\"https:\/\/twitter.com\/AxSolidaridad\">@AxSolidaridad<\/a> que pone el acento en lo humano <\/h3>\n\n\n\n<p>Estamos muy contentos\/as en presentar el informe:<strong> &#8220;Construcci\u00f3n de la Paz en el Sahel: Propuestas desde la sociedad civil para ir m\u00e1s all\u00e1 de la respuesta militar y apostar por el \u201cimpulso civil y pol\u00edtico\u201d desde un enfoque feminista y basado en los derechos humanos&#8221;<\/strong>.<\/p>\n\n\n\n<p>Este informe es el resultado del ciclo de debates: <strong><em>Distintas miradas a la crisis multidimensional del Sahel<\/em><\/strong> que se realiz\u00f3 online cada martes de febrero del 2022. Fueron cinco sesiones en las que  se convers\u00f3 sobre  las m\u00faltiples crisis que asolan a los pa\u00edses del Sahel a partir de las voces referentes de la sociedad civil.<\/p>\n\n\n\n<figure class=\"wp-block-image\"><img loading=\"lazy\" decoding=\"async\" width=\"1024\" height=\"683\" src=\"https:\/\/grupodeestudiosafricanos.org\/wp-content\/uploads\/2022\/01\/1642777253029-1024x683.jpg\" alt=\"\" class=\"wp-image-7686\"\/><\/figure>\n\n\n\n<p> El objetivo de esta iniciativa fue reflexionar sobre cu\u00e1les son los principales desaf\u00edos que afronta la regi\u00f3n del Sahel a trav\u00e9s de las alternativas propuestas por la sociedad civil organizada de la regi\u00f3n y otros\/otras especialistas, y as\u00ed plantear una serie de recomendaciones para reorientar la actual pol\u00edtica exterior de Espa\u00f1a y la UE en la zona.<\/p>\n\n\n\n<p>La principal conclusi\u00f3n es que a la luz de los escasos resultados de las acciones de estabilizaci\u00f3n en la regi\u00f3n del Sahel urge revisar el enfoque con el que se ha abordado la crisis multidimensional en la regi\u00f3n, poniendo la seguridad humana en el centro de la acci\u00f3n, para la protecci\u00f3n de la poblaci\u00f3n, como principal objetivo.<\/p>\n\n\n\n<p>Puedes leer el resto del informe:                                                                    Espa\u00f1ol <a href=\"https:\/\/426027.fs1.hubspotusercontent-na1.net\/hubfs\/426027\/Oxfam-Website\/oi-informes\/Ciclo-Sahel_Recomendaciones_ESP.pdf\">https:\/\/426027.fs1.hubspotusercontent-na1.net\/hubfs\/426027\/Oxfam-Website\/oi-informes\/Ciclo-Sahel_Recomendaciones_ESP.pdf\u00a0<\/a><\/p>\n\n\n\n<p>Franc\u00e9s:<a href=\"https:\/\/426027.fs1.hubspotusercontent-na1.net\/hubfs\/426027\/Oxfam-Website\/oi-informes\/Ciclo-Sahel_Recomendaciones_FR.pdf\">https:\/\/426027.fs1.hubspotusercontent-na1.net\/hubfs\/426027\/Oxfam-Website\/oi-informes\/Ciclo-Sahel_Recomendaciones_FR.pdf<\/a><\/p>\n\n\n\n<p>Ingl\u00e9s: <a href=\"https:\/\/426027.fs1.hubspotusercontent-na1.net\/hubfs\/426027\/Oxfam-Website\/oi-informes\/Ciclo-Sahel_Recomendaciones_ENG.pdf\">https:\/\/426027.fs1.hubspotusercontent-na1.net\/hubfs\/426027\/Oxfam-Website\/oi-informes\/Ciclo-Sahel_Recomendaciones_ENG.pdf<\/a><\/p>\n\n\n\n<p>Igualmente les invitamos a ver este video ilustrativo de nuestro evento :<a href=\"https:\/\/www.youtube.com\/watch?time_continue=1&amp;v=5m90CAzWGiw&amp;feature=emb_title\">https:\/\/www.youtube.com\/watch?time_continue=1&amp;v=5m90CAzWGiw&amp;feature=emb_title<\/a><\/p>\n\n\n\n<p> <\/p>\n","protected":false},"excerpt":{"rendered":"<p>Un proyecto con @OxfamIntermon y @AxSolidaridad que pone el acento en lo humano Estamos muy contentos\/as en presentar el informe: &#8220;Construcci\u00f3n de la Paz en el Sahel: Propuestas desde la sociedad civil para ir m\u00e1s all\u00e1 de la respuesta militar y apostar por el \u201cimpulso civil y pol\u00edtico\u201d desde un enfoque feminista y basado en [&hellip;]<\/p>\n","protected":false},"author":7,"featured_media":8054,"comment_status":"closed","ping_status":"open","sticky":false,"template":"","format":"standard","meta":{"_acf_changed":false,"_et_pb_use_builder":"","_et_pb_old_content":"","_et_gb_content_width":"","footnotes":""},"categories":[9],"tags":[],"class_list":["post-8053","post","type-post","status-publish","format-standard","has-post-thumbnail","hentry","category-noticias"],"acf":[],"_links":{"self":[{"href":"https:\/\/grupodeestudiosafricanos.org\/en\/wp-json\/wp\/v2\/posts\/8053","targetHints":{"allow":["GET"]}}],"collection":[{"href":"https:\/\/grupodeestudiosafricanos.org\/en\/wp-json\/wp\/v2\/posts"}],"about":[{"href":"https:\/\/grupodeestudiosafricanos.org\/en\/wp-json\/wp\/v2\/types\/post"}],"author":[{"embeddable":true,"href":"https:\/\/grupodeestudiosafricanos.org\/en\/wp-json\/wp\/v2\/users\/7"}],"replies":[{"embeddable":true,"href":"https:\/\/grupodeestudiosafricanos.org\/en\/wp-json\/wp\/v2\/comments?post=8053"}],"version-history":[{"count":0,"href":"https:\/\/grupodeestudiosafricanos.org\/en\/wp-json\/wp\/v2\/posts\/8053\/revisions"}],"wp:featuredmedia":[{"embeddable":true,"href":"https:\/\/grupodeestudiosafricanos.org\/en\/wp-json\/wp\/v2\/media\/8054"}],"wp:attachment":[{"href":"https:\/\/grupodeestudiosafricanos.org\/en\/wp-json\/wp\/v2\/media?parent=8053"}],"wp:term":[{"taxonomy":"category","embeddable":true,"href":"https:\/\/grupodeestudiosafricanos.org\/en\/wp-json\/wp\/v2\/categories?post=8053"},{"taxonomy":"post_tag","embeddable":true,"href":"https:\/\/grupodeestudiosafricanos.org\/en\/wp-json\/wp\/v2\/tags?post=8053"}],"curies":[{"name":"wp","href":"https:\/\/api.w.org\/{rel}","templated":true}]}}