{"id":7959,"date":"2022-04-19T10:26:35","date_gmt":"2022-04-19T10:26:35","guid":{"rendered":"https:\/\/grupodeestudiosafricanos.org\/cms\/?p=7959"},"modified":"2022-04-19T10:26:38","modified_gmt":"2022-04-19T10:26:38","slug":"el-gea-uam-participo-en-el-think-tanks-africanos-y-espanoles","status":"publish","type":"post","link":"https:\/\/grupodeestudiosafricanos.org\/en\/noticias\/el-gea-uam-participo-en-el-think-tanks-africanos-y-espanoles.html","title":{"rendered":"El GEA-UAM particip\u00f3 en el  think tanks africanos y espa\u00f1oles"},"content":{"rendered":"\n<h3 class=\"wp-block-heading\"> <br>Evento promovido por  el Ministerio de Asuntos Exteriores, Uni\u00f3n Europea y Cooperaci\u00f3n  <\/h3>\n\n\n\n<p>El Grupo de Estudios Africanos de la Universidad Aut\u00f3noma de Madrid asisti\u00f3 el 07 y 08 de abril  al encuentro de <a href=\"https:\/\/twitter.com\/hashtag\/ThinkTanks?src=hashtag_click\">#ThinkTanks<\/a> africanos y espa\u00f1oles del <a href=\"https:\/\/twitter.com\/MAECgob\">@MAECgob\u00a0<\/a>aportando una visi\u00f3n cr\u00edtica, social y humana a la pol\u00edtica de <a href=\"https:\/\/twitter.com\/hashtag\/cooperaci%C3%B3n?src=hashtag_click\">#cooperaci\u00f3n\u00a0<\/a><a href=\"https:\/\/twitter.com\/hashtag\/espa%C3%B1ola?src=hashtag_click\">#espa\u00f1ola<\/a> en <a href=\"https:\/\/twitter.com\/hashtag\/%C3%81frica?src=hashtag_click\">#\u00c1frica<\/a><\/p>\n\n\n\n<p>Nuestro grupo de investigaci\u00f3n estuvo representado por los\/la investigadores \/ra Gonzalo Vit\u00f3n y Jara Cuadrado Bola\u00f1o quienes expusieron los resultados de los distintos proyectos en los que ha participado el GEA en los \u00faltimos a\u00f1os.<\/p>\n","protected":false},"excerpt":{"rendered":"<p>Evento promovido por el Ministerio de Asuntos Exteriores, Uni\u00f3n Europea y Cooperaci\u00f3n El Grupo de Estudios Africanos de la Universidad Aut\u00f3noma de Madrid asisti\u00f3 el 07 y 08 de abril al encuentro de #ThinkTanks africanos y espa\u00f1oles del @MAECgob\u00a0aportando una visi\u00f3n cr\u00edtica, social y humana a la pol\u00edtica de #cooperaci\u00f3n\u00a0#espa\u00f1ola en #\u00c1frica Nuestro grupo de [&hellip;]<\/p>\n","protected":false},"author":7,"featured_media":7960,"comment_status":"closed","ping_status":"open","sticky":false,"template":"","format":"standard","meta":{"_acf_changed":false,"_et_pb_use_builder":"","_et_pb_old_content":"","_et_gb_content_width":"","footnotes":""},"categories":[9],"tags":[],"class_list":["post-7959","post","type-post","status-publish","format-standard","has-post-thumbnail","hentry","category-noticias"],"acf":[],"_links":{"self":[{"href":"https:\/\/grupodeestudiosafricanos.org\/en\/wp-json\/wp\/v2\/posts\/7959","targetHints":{"allow":["GET"]}}],"collection":[{"href":"https:\/\/grupodeestudiosafricanos.org\/en\/wp-json\/wp\/v2\/posts"}],"about":[{"href":"https:\/\/grupodeestudiosafricanos.org\/en\/wp-json\/wp\/v2\/types\/post"}],"author":[{"embeddable":true,"href":"https:\/\/grupodeestudiosafricanos.org\/en\/wp-json\/wp\/v2\/users\/7"}],"replies":[{"embeddable":true,"href":"https:\/\/grupodeestudiosafricanos.org\/en\/wp-json\/wp\/v2\/comments?post=7959"}],"version-history":[{"count":0,"href":"https:\/\/grupodeestudiosafricanos.org\/en\/wp-json\/wp\/v2\/posts\/7959\/revisions"}],"wp:featuredmedia":[{"embeddable":true,"href":"https:\/\/grupodeestudiosafricanos.org\/en\/wp-json\/wp\/v2\/media\/7960"}],"wp:attachment":[{"href":"https:\/\/grupodeestudiosafricanos.org\/en\/wp-json\/wp\/v2\/media?parent=7959"}],"wp:term":[{"taxonomy":"category","embeddable":true,"href":"https:\/\/grupodeestudiosafricanos.org\/en\/wp-json\/wp\/v2\/categories?post=7959"},{"taxonomy":"post_tag","embeddable":true,"href":"https:\/\/grupodeestudiosafricanos.org\/en\/wp-json\/wp\/v2\/tags?post=7959"}],"curies":[{"name":"wp","href":"https:\/\/api.w.org\/{rel}","templated":true}]}}