{"id":7942,"date":"2022-04-04T12:34:19","date_gmt":"2022-04-04T12:34:19","guid":{"rendered":"https:\/\/grupodeestudiosafricanos.org\/cms\/?p=7942"},"modified":"2022-04-04T12:40:31","modified_gmt":"2022-04-04T12:40:31","slug":"conversatorio-trayectorias-migratorias-de-refugio-y-exilio","status":"publish","type":"post","link":"https:\/\/grupodeestudiosafricanos.org\/en\/noticias\/conversatorio-trayectorias-migratorias-de-refugio-y-exilio.html","title":{"rendered":"Conversatorio: &#8220;Trayectorias migratorias de refugio y exilio&#8221;"},"content":{"rendered":"\n<p>Organizado y promovido por la Oficina de Acci\u00f3n Solidaria de la Universidad Aut\u00f3noma de Madrid<\/p>\n\n\n\n<p>Muy buena acogida tuvo el Conversatorio: &#8220;<em>Trayectorias migratorias de refugio y exilio&#8221;<\/em> realizado el 30 de marzo del 2022 en la Facultad de Ciencias Econ\u00f3micas y Empresariales de la UAM.<\/p>\n\n\n\n<p>En este interesante conversatorio participaron: Maisoun Shukair, Magister en Estudios \u00c1rabes y Contempor\u00e1neos UAM; Vicente Mazimpaka, catedr\u00e1tico em\u00e9rito UAM; Th\u00e9ophile Ambadiang, profesor titular UAM, nuestra coordinadora del @GEA-UAM y del M\u00e1ster Oficial en Relaciones Internacionales y Estudios Africanos, Itziar Ruiz-Gim\u00e9nez, y Carmen Ruiz, catedr\u00e1tica em\u00e9rita UAM.<\/p>\n\n\n\n<p>\n\nEste evento fue parte de las III jornadas UAM-Agenda 2030. Universidad y Procesos Migratorios que cont\u00f3 con varios conversatorios y conferencias sobre temas como: &#8220;Tejiendo alianzas para el logro de los ODS en el campo de la migraci\u00f3n&#8221; y &#8220;Acciones de acogida e integraci\u00f3n de las personas refugiadas. El papel de Acnur Espa\u00f1a&#8221;, as\u00ed como la mesa redonda sobre: <em>El papel de la UAM en los procesos migratorios<\/em><\/p>\n\n\n\n<p><br><\/p>\n\n\n\n<p><br><br><\/p>\n","protected":false},"excerpt":{"rendered":"<p>Organizado y promovido por la Oficina de Acci\u00f3n Solidaria de la Universidad Aut\u00f3noma de Madrid Muy buena acogida tuvo el Conversatorio: &#8220;Trayectorias migratorias de refugio y exilio&#8221; realizado el 30 de marzo del 2022 en la Facultad de Ciencias Econ\u00f3micas y Empresariales de la UAM. En este interesante conversatorio participaron: Maisoun Shukair, Magister en Estudios [&hellip;]<\/p>\n","protected":false},"author":7,"featured_media":7943,"comment_status":"closed","ping_status":"open","sticky":false,"template":"","format":"standard","meta":{"_acf_changed":false,"_et_pb_use_builder":"","_et_pb_old_content":"","_et_gb_content_width":"","footnotes":""},"categories":[9],"tags":[],"class_list":["post-7942","post","type-post","status-publish","format-standard","has-post-thumbnail","hentry","category-noticias"],"acf":[],"_links":{"self":[{"href":"https:\/\/grupodeestudiosafricanos.org\/en\/wp-json\/wp\/v2\/posts\/7942","targetHints":{"allow":["GET"]}}],"collection":[{"href":"https:\/\/grupodeestudiosafricanos.org\/en\/wp-json\/wp\/v2\/posts"}],"about":[{"href":"https:\/\/grupodeestudiosafricanos.org\/en\/wp-json\/wp\/v2\/types\/post"}],"author":[{"embeddable":true,"href":"https:\/\/grupodeestudiosafricanos.org\/en\/wp-json\/wp\/v2\/users\/7"}],"replies":[{"embeddable":true,"href":"https:\/\/grupodeestudiosafricanos.org\/en\/wp-json\/wp\/v2\/comments?post=7942"}],"version-history":[{"count":0,"href":"https:\/\/grupodeestudiosafricanos.org\/en\/wp-json\/wp\/v2\/posts\/7942\/revisions"}],"wp:featuredmedia":[{"embeddable":true,"href":"https:\/\/grupodeestudiosafricanos.org\/en\/wp-json\/wp\/v2\/media\/7943"}],"wp:attachment":[{"href":"https:\/\/grupodeestudiosafricanos.org\/en\/wp-json\/wp\/v2\/media?parent=7942"}],"wp:term":[{"taxonomy":"category","embeddable":true,"href":"https:\/\/grupodeestudiosafricanos.org\/en\/wp-json\/wp\/v2\/categories?post=7942"},{"taxonomy":"post_tag","embeddable":true,"href":"https:\/\/grupodeestudiosafricanos.org\/en\/wp-json\/wp\/v2\/tags?post=7942"}],"curies":[{"name":"wp","href":"https:\/\/api.w.org\/{rel}","templated":true}]}}