{"id":7920,"date":"2022-03-23T18:25:08","date_gmt":"2022-03-23T18:25:08","guid":{"rendered":"https:\/\/grupodeestudiosafricanos.org\/cms\/?p=7920"},"modified":"2022-03-23T18:58:58","modified_gmt":"2022-03-23T18:58:58","slug":"tania-adam-el-ritmo-es-el-unico-elemento-de-la-musicalidad-africana-que-los-europeos-no-han-podido-cambiar","status":"publish","type":"post","link":"https:\/\/grupodeestudiosafricanos.org\/en\/noticias\/tania-adam-el-ritmo-es-el-unico-elemento-de-la-musicalidad-africana-que-los-europeos-no-han-podido-cambiar.html","title":{"rendered":"Tania Adam: &#8220;El ritmo es el \u00fanico elemento de la musicalidad africana que los europeos no han podido cambiar&#8230;&#8221;"},"content":{"rendered":"\n<p>31.Sesi\u00f3n #CIRA2022<\/p>\n\n\n\n<p><br>La periodista y fundadora de Radio \u00c1frica Magazine,Tania Adam, asegur\u00f3 que &#8220;el ritmo es el \u00fanico elemento de la musicalidad africana que los europeos no han podido cambiar\u2026&#8221;<\/p>\n\n\n\n<p>Adam particip\u00f3 en el <strong>#CIRA2022<\/strong> donde dict\u00f3 una clase sobre: <em>M\u00fasica y transformaciones sociales<\/em> en la que coment\u00f3 que toda la m\u00fasica occidental tiene raices negras y que no se puede desligar la esclavitud de la misma.<br> <br><\/p>\n\n\n\n<h1 class=\"wp-block-heading\"><\/h1>\n\n\n\n<p><\/p>\n","protected":false},"excerpt":{"rendered":"<p>31.Sesi\u00f3n #CIRA2022 La periodista y fundadora de Radio \u00c1frica Magazine,Tania Adam, asegur\u00f3 que &#8220;el ritmo es el \u00fanico elemento de la musicalidad africana que los europeos no han podido cambiar\u2026&#8221; Adam particip\u00f3 en el #CIRA2022 donde dict\u00f3 una clase sobre: M\u00fasica y transformaciones sociales en la que coment\u00f3 que toda la m\u00fasica occidental tiene raices [&hellip;]<\/p>\n","protected":false},"author":7,"featured_media":7923,"comment_status":"closed","ping_status":"open","sticky":false,"template":"","format":"standard","meta":{"_acf_changed":false,"_et_pb_use_builder":"","_et_pb_old_content":"","_et_gb_content_width":"","footnotes":""},"categories":[9],"tags":[],"class_list":["post-7920","post","type-post","status-publish","format-standard","has-post-thumbnail","hentry","category-noticias"],"acf":[],"_links":{"self":[{"href":"https:\/\/grupodeestudiosafricanos.org\/en\/wp-json\/wp\/v2\/posts\/7920","targetHints":{"allow":["GET"]}}],"collection":[{"href":"https:\/\/grupodeestudiosafricanos.org\/en\/wp-json\/wp\/v2\/posts"}],"about":[{"href":"https:\/\/grupodeestudiosafricanos.org\/en\/wp-json\/wp\/v2\/types\/post"}],"author":[{"embeddable":true,"href":"https:\/\/grupodeestudiosafricanos.org\/en\/wp-json\/wp\/v2\/users\/7"}],"replies":[{"embeddable":true,"href":"https:\/\/grupodeestudiosafricanos.org\/en\/wp-json\/wp\/v2\/comments?post=7920"}],"version-history":[{"count":0,"href":"https:\/\/grupodeestudiosafricanos.org\/en\/wp-json\/wp\/v2\/posts\/7920\/revisions"}],"wp:featuredmedia":[{"embeddable":true,"href":"https:\/\/grupodeestudiosafricanos.org\/en\/wp-json\/wp\/v2\/media\/7923"}],"wp:attachment":[{"href":"https:\/\/grupodeestudiosafricanos.org\/en\/wp-json\/wp\/v2\/media?parent=7920"}],"wp:term":[{"taxonomy":"category","embeddable":true,"href":"https:\/\/grupodeestudiosafricanos.org\/en\/wp-json\/wp\/v2\/categories?post=7920"},{"taxonomy":"post_tag","embeddable":true,"href":"https:\/\/grupodeestudiosafricanos.org\/en\/wp-json\/wp\/v2\/tags?post=7920"}],"curies":[{"name":"wp","href":"https:\/\/api.w.org\/{rel}","templated":true}]}}