{"id":7895,"date":"2022-03-15T18:32:31","date_gmt":"2022-03-15T18:32:31","guid":{"rendered":"https:\/\/grupodeestudiosafricanos.org\/cms\/?p=7895"},"modified":"2022-03-15T18:33:50","modified_gmt":"2022-03-15T18:33:50","slug":"ainhoa-marinel-area-de-libre-comercio-intercontinental-africana-es-una-agenda-muy-ambiciosa-y-con-mucha-voluntad-politica-detras","status":"publish","type":"post","link":"https:\/\/grupodeestudiosafricanos.org\/en\/noticias\/ainhoa-marinel-area-de-libre-comercio-intercontinental-africana-es-una-agenda-muy-ambiciosa-y-con-mucha-voluntad-politica-detras.html","title":{"rendered":"Ainhoa Mar\u00edn:&#8221;El \u00c1rea de Libre Comercio Intercontinental Africana es una agenda muy ambiciosa y con mucha voluntad pol\u00edtica detr\u00e1s&#8221;"},"content":{"rendered":"\n<p>27. Sesi\u00f3n #CIRA2022<\/p>\n\n\n\n<p>La investigadora del Grupo de Estudios Africanos de la Universidad Aut\u00f3noma de Madrid, Ainhoa Mar\u00edn, expres\u00f3 que &#8220;el \u00c1rea de Libre Comercio Intercontinental Africana (#AfCFTA) es una agenda de \u00c1frica para \u00c1frica muy ambiciosa y con mucha voluntad pol\u00edtica detr\u00e1s\u2026&#8221;<\/p>\n\n\n\n<p>As\u00ed se expres\u00f3 la tambi\u00e9n profesora de la Universidad Complutense de Madrid en el <strong>#CIRA2022<\/strong> donde dict\u00f3 una clase sobre: <em>La integraci\u00f3n regional africana y las relaciones de la Uni\u00f3n Europea con \u00c1frica <\/em>en la que asegur\u00f3 que existen muchos acuerdos de integraci\u00f3n econ\u00f3mica en \u00c1frica con una evoluci\u00f3n desigual, problemas de solapamiento, falta de complementaridad e infraestructura.<\/p>\n","protected":false},"excerpt":{"rendered":"<p>27. Sesi\u00f3n #CIRA2022 La investigadora del Grupo de Estudios Africanos de la Universidad Aut\u00f3noma de Madrid, Ainhoa Mar\u00edn, expres\u00f3 que &#8220;el \u00c1rea de Libre Comercio Intercontinental Africana (#AfCFTA) es una agenda de \u00c1frica para \u00c1frica muy ambiciosa y con mucha voluntad pol\u00edtica detr\u00e1s\u2026&#8221; As\u00ed se expres\u00f3 la tambi\u00e9n profesora de la Universidad Complutense de Madrid [&hellip;]<\/p>\n","protected":false},"author":7,"featured_media":7896,"comment_status":"closed","ping_status":"open","sticky":false,"template":"","format":"standard","meta":{"_acf_changed":false,"_et_pb_use_builder":"","_et_pb_old_content":"","_et_gb_content_width":"","footnotes":""},"categories":[9],"tags":[],"class_list":["post-7895","post","type-post","status-publish","format-standard","has-post-thumbnail","hentry","category-noticias"],"acf":[],"_links":{"self":[{"href":"https:\/\/grupodeestudiosafricanos.org\/en\/wp-json\/wp\/v2\/posts\/7895","targetHints":{"allow":["GET"]}}],"collection":[{"href":"https:\/\/grupodeestudiosafricanos.org\/en\/wp-json\/wp\/v2\/posts"}],"about":[{"href":"https:\/\/grupodeestudiosafricanos.org\/en\/wp-json\/wp\/v2\/types\/post"}],"author":[{"embeddable":true,"href":"https:\/\/grupodeestudiosafricanos.org\/en\/wp-json\/wp\/v2\/users\/7"}],"replies":[{"embeddable":true,"href":"https:\/\/grupodeestudiosafricanos.org\/en\/wp-json\/wp\/v2\/comments?post=7895"}],"version-history":[{"count":0,"href":"https:\/\/grupodeestudiosafricanos.org\/en\/wp-json\/wp\/v2\/posts\/7895\/revisions"}],"wp:featuredmedia":[{"embeddable":true,"href":"https:\/\/grupodeestudiosafricanos.org\/en\/wp-json\/wp\/v2\/media\/7896"}],"wp:attachment":[{"href":"https:\/\/grupodeestudiosafricanos.org\/en\/wp-json\/wp\/v2\/media?parent=7895"}],"wp:term":[{"taxonomy":"category","embeddable":true,"href":"https:\/\/grupodeestudiosafricanos.org\/en\/wp-json\/wp\/v2\/categories?post=7895"},{"taxonomy":"post_tag","embeddable":true,"href":"https:\/\/grupodeestudiosafricanos.org\/en\/wp-json\/wp\/v2\/tags?post=7895"}],"curies":[{"name":"wp","href":"https:\/\/api.w.org\/{rel}","templated":true}]}}