{"id":7885,"date":"2022-03-11T18:26:29","date_gmt":"2022-03-11T18:26:29","guid":{"rendered":"https:\/\/grupodeestudiosafricanos.org\/cms\/?p=7885"},"modified":"2022-03-11T18:53:38","modified_gmt":"2022-03-11T18:53:38","slug":"nuria-duperier-la-inseguridad-alimentaria-en-africa-no-es-solo-un-problema-estructural","status":"publish","type":"post","link":"https:\/\/grupodeestudiosafricanos.org\/en\/noticias\/nuria-duperier-la-inseguridad-alimentaria-en-africa-no-es-solo-un-problema-estructural.html","title":{"rendered":"Nuria Duperier: &#8220;La inseguridad alimentaria en \u00c1frica no es solo un problema estructural&#8221;"},"content":{"rendered":"\n<p>26. Sesi\u00f3n #CIRA2022<\/p>\n\n\n\n<p>La investigadora del Grupo de Estudios Africanos, Nuria Duperier, destac\u00f3 que &#8220;la inseguridad alimentaria en \u00c1frica no es solo un problema estructural es tambi\u00e9n un problema de comercio mundial y de fronteras\u2026&#8221;<\/p>\n\n\n\n<p>Duperier dict\u00f3 una clase en el <strong>#CIRA2022<\/strong> sobre: <em>La agricultura africana de lo rural a lo urbano <\/em>en la que alert\u00f3 sobre las consecuencias del cambio clim\u00e1tico en la agricultura africana, as\u00ed como otros temas como el acaparamiento de tierras.  <\/p>\n\n\n\n<h1 class=\"wp-block-heading\"><\/h1>\n","protected":false},"excerpt":{"rendered":"<p>26. Sesi\u00f3n #CIRA2022 La investigadora del Grupo de Estudios Africanos, Nuria Duperier, destac\u00f3 que &#8220;la inseguridad alimentaria en \u00c1frica no es solo un problema estructural es tambi\u00e9n un problema de comercio mundial y de fronteras\u2026&#8221; Duperier dict\u00f3 una clase en el #CIRA2022 sobre: La agricultura africana de lo rural a lo urbano en la que [&hellip;]<\/p>\n","protected":false},"author":7,"featured_media":7886,"comment_status":"closed","ping_status":"open","sticky":false,"template":"","format":"standard","meta":{"_acf_changed":false,"_et_pb_use_builder":"","_et_pb_old_content":"","_et_gb_content_width":"","footnotes":""},"categories":[9],"tags":[],"class_list":["post-7885","post","type-post","status-publish","format-standard","has-post-thumbnail","hentry","category-noticias"],"acf":[],"_links":{"self":[{"href":"https:\/\/grupodeestudiosafricanos.org\/en\/wp-json\/wp\/v2\/posts\/7885","targetHints":{"allow":["GET"]}}],"collection":[{"href":"https:\/\/grupodeestudiosafricanos.org\/en\/wp-json\/wp\/v2\/posts"}],"about":[{"href":"https:\/\/grupodeestudiosafricanos.org\/en\/wp-json\/wp\/v2\/types\/post"}],"author":[{"embeddable":true,"href":"https:\/\/grupodeestudiosafricanos.org\/en\/wp-json\/wp\/v2\/users\/7"}],"replies":[{"embeddable":true,"href":"https:\/\/grupodeestudiosafricanos.org\/en\/wp-json\/wp\/v2\/comments?post=7885"}],"version-history":[{"count":0,"href":"https:\/\/grupodeestudiosafricanos.org\/en\/wp-json\/wp\/v2\/posts\/7885\/revisions"}],"wp:featuredmedia":[{"embeddable":true,"href":"https:\/\/grupodeestudiosafricanos.org\/en\/wp-json\/wp\/v2\/media\/7886"}],"wp:attachment":[{"href":"https:\/\/grupodeestudiosafricanos.org\/en\/wp-json\/wp\/v2\/media?parent=7885"}],"wp:term":[{"taxonomy":"category","embeddable":true,"href":"https:\/\/grupodeestudiosafricanos.org\/en\/wp-json\/wp\/v2\/categories?post=7885"},{"taxonomy":"post_tag","embeddable":true,"href":"https:\/\/grupodeestudiosafricanos.org\/en\/wp-json\/wp\/v2\/tags?post=7885"}],"curies":[{"name":"wp","href":"https:\/\/api.w.org\/{rel}","templated":true}]}}