{"id":7872,"date":"2022-03-04T20:37:49","date_gmt":"2022-03-04T20:37:49","guid":{"rendered":"https:\/\/grupodeestudiosafricanos.org\/cms\/?p=7872"},"modified":"2022-03-04T20:39:26","modified_gmt":"2022-03-04T20:39:26","slug":"jose-maria-caballero-los-ninos-y-ninas-soldados-as-ya-no-estan-de-moda-por-lo-que-no-hay-dinero-para-desarrollar-los-programas-de-reinsercion","status":"publish","type":"post","link":"https:\/\/grupodeestudiosafricanos.org\/en\/noticias\/jose-maria-caballero-los-ninos-y-ninas-soldados-as-ya-no-estan-de-moda-por-lo-que-no-hay-dinero-para-desarrollar-los-programas-de-reinsercion.html","title":{"rendered":"Jos\u00e9 Mar\u00eda Caballero: &#8220;Los ni\u00f1os y ni\u00f1as soldados\/as ya no est\u00e1n de moda por lo que no hay dinero para desarrollar los programas de reinserci\u00f3n &#8220;"},"content":{"rendered":"\n<p>23.Sesi\u00f3n #CIRA2022<\/p>\n\n\n\n<p>El investigador, Jos\u00e9 Mar\u00eda Caballero, asegur\u00f3 que  &#8220;los ni\u00f1os y ni\u00f1as soldados\/as ya no est\u00e1n de moda por lo que no hay dinero para desarrollar los programas de reinserci\u00f3n\u2026&#8221;<\/p>\n\n\n\n<p>El tambi\u00e9n asesor internacional moder\u00f3 el segundo cineforum del <strong>#CIRA2022<\/strong> sobre la pel\u00edcula <em>Ezra,<\/em> charla en la que aclar\u00f3 que en los \u00faltimos a\u00f1os ha aumentado el n\u00famero de ni\u00f1os y ni\u00f1as soldados\/as. &#8220;Por a\u00f1os se ha hablado de 30 mil pero la verdad es que no tenemos cifras&#8221;, concluy\u00f3.<\/p>\n","protected":false},"excerpt":{"rendered":"<p>23.Sesi\u00f3n #CIRA2022 El investigador, Jos\u00e9 Mar\u00eda Caballero, asegur\u00f3 que &#8220;los ni\u00f1os y ni\u00f1as soldados\/as ya no est\u00e1n de moda por lo que no hay dinero para desarrollar los programas de reinserci\u00f3n\u2026&#8221; El tambi\u00e9n asesor internacional moder\u00f3 el segundo cineforum del #CIRA2022 sobre la pel\u00edcula Ezra, charla en la que aclar\u00f3 que en los \u00faltimos a\u00f1os [&hellip;]<\/p>\n","protected":false},"author":7,"featured_media":7873,"comment_status":"closed","ping_status":"open","sticky":false,"template":"","format":"standard","meta":{"_acf_changed":false,"_et_pb_use_builder":"","_et_pb_old_content":"","_et_gb_content_width":"","footnotes":""},"categories":[9],"tags":[],"class_list":["post-7872","post","type-post","status-publish","format-standard","has-post-thumbnail","hentry","category-noticias"],"acf":[],"_links":{"self":[{"href":"https:\/\/grupodeestudiosafricanos.org\/en\/wp-json\/wp\/v2\/posts\/7872","targetHints":{"allow":["GET"]}}],"collection":[{"href":"https:\/\/grupodeestudiosafricanos.org\/en\/wp-json\/wp\/v2\/posts"}],"about":[{"href":"https:\/\/grupodeestudiosafricanos.org\/en\/wp-json\/wp\/v2\/types\/post"}],"author":[{"embeddable":true,"href":"https:\/\/grupodeestudiosafricanos.org\/en\/wp-json\/wp\/v2\/users\/7"}],"replies":[{"embeddable":true,"href":"https:\/\/grupodeestudiosafricanos.org\/en\/wp-json\/wp\/v2\/comments?post=7872"}],"version-history":[{"count":0,"href":"https:\/\/grupodeestudiosafricanos.org\/en\/wp-json\/wp\/v2\/posts\/7872\/revisions"}],"wp:featuredmedia":[{"embeddable":true,"href":"https:\/\/grupodeestudiosafricanos.org\/en\/wp-json\/wp\/v2\/media\/7873"}],"wp:attachment":[{"href":"https:\/\/grupodeestudiosafricanos.org\/en\/wp-json\/wp\/v2\/media?parent=7872"}],"wp:term":[{"taxonomy":"category","embeddable":true,"href":"https:\/\/grupodeestudiosafricanos.org\/en\/wp-json\/wp\/v2\/categories?post=7872"},{"taxonomy":"post_tag","embeddable":true,"href":"https:\/\/grupodeestudiosafricanos.org\/en\/wp-json\/wp\/v2\/tags?post=7872"}],"curies":[{"name":"wp","href":"https:\/\/api.w.org\/{rel}","templated":true}]}}