{"id":7866,"date":"2022-03-03T18:56:22","date_gmt":"2022-03-03T18:56:22","guid":{"rendered":"https:\/\/grupodeestudiosafricanos.org\/cms\/?p=7866"},"modified":"2022-03-03T18:56:24","modified_gmt":"2022-03-03T18:56:24","slug":"jose-luis-de-la-flor-hemos-naturalizado-la-respuesta-de-que-las-sociedades-africanas-tienen-que-ser-las-ultimas-en-tener-acceso-a-la-vacuna-contra-el-covid-19","status":"publish","type":"post","link":"https:\/\/grupodeestudiosafricanos.org\/en\/noticias\/jose-luis-de-la-flor-hemos-naturalizado-la-respuesta-de-que-las-sociedades-africanas-tienen-que-ser-las-ultimas-en-tener-acceso-a-la-vacuna-contra-el-covid-19.html","title":{"rendered":"Jos\u00e9 Luis de la Flor: &#8220;Hemos naturalizado la respuesta de que las sociedades africanas tienen que ser las \u00faltimas en tener acceso a la vacuna contra el Covid-19&#8221;"},"content":{"rendered":"\n<p>22. Sesi\u00f3n #CIRA2022<\/p>\n\n\n\n<p>El doctor en Relaciones Internacionales y Estudios Africanos de la Universidad Aut\u00f3noma de Madrid, Jos\u00e9 Luis de la Flor, asegur\u00f3 que &#8220;hemos naturalizado la respuesta de que las sociedades africanas tienen que ser las \u00faltimas en tener acceso a las vacunas contra el Covid-19&#8221;.<\/p>\n\n\n\n<p>El investigador denunci\u00f3 -en su clase del <strong>#CIRA2022<\/strong> sobre: <em>\u00c1frica y la salud global. Una interpretaci\u00f3n hist\u00f3rica para los tiempos de epidemia- <\/em>que a la fecha solo 7% de \u00c1frica ha recibido la primera dosis de la vacuna cuando en Europa van por la tercera.<\/p>\n","protected":false},"excerpt":{"rendered":"<p>22. Sesi\u00f3n #CIRA2022 El doctor en Relaciones Internacionales y Estudios Africanos de la Universidad Aut\u00f3noma de Madrid, Jos\u00e9 Luis de la Flor, asegur\u00f3 que &#8220;hemos naturalizado la respuesta de que las sociedades africanas tienen que ser las \u00faltimas en tener acceso a las vacunas contra el Covid-19&#8221;. El investigador denunci\u00f3 -en su clase del #CIRA2022 [&hellip;]<\/p>\n","protected":false},"author":7,"featured_media":7867,"comment_status":"closed","ping_status":"open","sticky":false,"template":"","format":"standard","meta":{"_acf_changed":false,"_et_pb_use_builder":"","_et_pb_old_content":"","_et_gb_content_width":"","footnotes":""},"categories":[9],"tags":[],"class_list":["post-7866","post","type-post","status-publish","format-standard","has-post-thumbnail","hentry","category-noticias"],"acf":[],"_links":{"self":[{"href":"https:\/\/grupodeestudiosafricanos.org\/en\/wp-json\/wp\/v2\/posts\/7866","targetHints":{"allow":["GET"]}}],"collection":[{"href":"https:\/\/grupodeestudiosafricanos.org\/en\/wp-json\/wp\/v2\/posts"}],"about":[{"href":"https:\/\/grupodeestudiosafricanos.org\/en\/wp-json\/wp\/v2\/types\/post"}],"author":[{"embeddable":true,"href":"https:\/\/grupodeestudiosafricanos.org\/en\/wp-json\/wp\/v2\/users\/7"}],"replies":[{"embeddable":true,"href":"https:\/\/grupodeestudiosafricanos.org\/en\/wp-json\/wp\/v2\/comments?post=7866"}],"version-history":[{"count":0,"href":"https:\/\/grupodeestudiosafricanos.org\/en\/wp-json\/wp\/v2\/posts\/7866\/revisions"}],"wp:featuredmedia":[{"embeddable":true,"href":"https:\/\/grupodeestudiosafricanos.org\/en\/wp-json\/wp\/v2\/media\/7867"}],"wp:attachment":[{"href":"https:\/\/grupodeestudiosafricanos.org\/en\/wp-json\/wp\/v2\/media?parent=7866"}],"wp:term":[{"taxonomy":"category","embeddable":true,"href":"https:\/\/grupodeestudiosafricanos.org\/en\/wp-json\/wp\/v2\/categories?post=7866"},{"taxonomy":"post_tag","embeddable":true,"href":"https:\/\/grupodeestudiosafricanos.org\/en\/wp-json\/wp\/v2\/tags?post=7866"}],"curies":[{"name":"wp","href":"https:\/\/api.w.org\/{rel}","templated":true}]}}