{"id":7753,"date":"2022-02-11T16:14:48","date_gmt":"2022-02-11T16:14:48","guid":{"rendered":"https:\/\/grupodeestudiosafricanos.org\/cms\/?p=7753"},"modified":"2022-02-11T16:17:20","modified_gmt":"2022-02-11T16:17:20","slug":"notepierdas-el-tercer-encuentro-del-ciclodedebate-online-crisis-multidimensional-del-sahel","status":"publish","type":"post","link":"https:\/\/grupodeestudiosafricanos.org\/en\/noticias\/notepierdas-el-tercer-encuentro-del-ciclodedebate-online-crisis-multidimensional-del-sahel.html","title":{"rendered":"\u00a1NoTePierdas! el tercer encuentro del ciclo de debate online crisis multidimensional del Sahel"},"content":{"rendered":"\n<h3 class=\"wp-block-heading\">Organizado por el Grupo de Estudios Africanos de la Universidad Aut\u00f3noma de Madrid, Alianza por la Solidaridad y OxfamIntermon<\/h3>\n\n\n\n<p>El pr\u00f3ximo martes <strong>15feb22<\/strong> realizaremos el tercer encuentro del  <strong>#CiclodeDebate<\/strong> online #crisismultidimensional del #Sahel esta vez sobre: <em>&#8220;El rol y las prioridades de la ayuda oficial al desarrollo en el #Sahel&#8221;<\/em><\/p>\n\n\n\n<p>Esta ser\u00e1 la tercera cita de un total de cinco jornadas gratuitas de debate y reflexi\u00f3n sobre distintos aspectos que nos permiten acercarnos a la actual situaci\u00f3n en el Sahel que se realizan todos los martes de febrero  de 17:30 a 19:30h<\/p>\n\n\n\n<p>Informaci\u00f3n e inscripciones: <a href=\"https:\/\/oxfamintermon.zoom.us\/webinar\/register\/WN_Bn_gwIM4TUy_y8JHddNANA\">https:\/\/oxfamintermon.zoom.us\/webinar\/register\/WN_Bn_gwIM4TUy_y8JHddNANA<\/a><\/p>\n","protected":false},"excerpt":{"rendered":"<p>Organizado por el Grupo de Estudios Africanos de la Universidad Aut\u00f3noma de Madrid, Alianza por la Solidaridad y OxfamIntermon El pr\u00f3ximo martes 15feb22 realizaremos el tercer encuentro del #CiclodeDebate online #crisismultidimensional del #Sahel esta vez sobre: &#8220;El rol y las prioridades de la ayuda oficial al desarrollo en el #Sahel&#8221; Esta ser\u00e1 la tercera cita [&hellip;]<\/p>\n","protected":false},"author":7,"featured_media":7754,"comment_status":"closed","ping_status":"open","sticky":false,"template":"","format":"standard","meta":{"_acf_changed":false,"_et_pb_use_builder":"","_et_pb_old_content":"","_et_gb_content_width":"","footnotes":""},"categories":[9],"tags":[],"class_list":["post-7753","post","type-post","status-publish","format-standard","has-post-thumbnail","hentry","category-noticias"],"acf":[],"_links":{"self":[{"href":"https:\/\/grupodeestudiosafricanos.org\/en\/wp-json\/wp\/v2\/posts\/7753","targetHints":{"allow":["GET"]}}],"collection":[{"href":"https:\/\/grupodeestudiosafricanos.org\/en\/wp-json\/wp\/v2\/posts"}],"about":[{"href":"https:\/\/grupodeestudiosafricanos.org\/en\/wp-json\/wp\/v2\/types\/post"}],"author":[{"embeddable":true,"href":"https:\/\/grupodeestudiosafricanos.org\/en\/wp-json\/wp\/v2\/users\/7"}],"replies":[{"embeddable":true,"href":"https:\/\/grupodeestudiosafricanos.org\/en\/wp-json\/wp\/v2\/comments?post=7753"}],"version-history":[{"count":0,"href":"https:\/\/grupodeestudiosafricanos.org\/en\/wp-json\/wp\/v2\/posts\/7753\/revisions"}],"wp:featuredmedia":[{"embeddable":true,"href":"https:\/\/grupodeestudiosafricanos.org\/en\/wp-json\/wp\/v2\/media\/7754"}],"wp:attachment":[{"href":"https:\/\/grupodeestudiosafricanos.org\/en\/wp-json\/wp\/v2\/media?parent=7753"}],"wp:term":[{"taxonomy":"category","embeddable":true,"href":"https:\/\/grupodeestudiosafricanos.org\/en\/wp-json\/wp\/v2\/categories?post=7753"},{"taxonomy":"post_tag","embeddable":true,"href":"https:\/\/grupodeestudiosafricanos.org\/en\/wp-json\/wp\/v2\/tags?post=7753"}],"curies":[{"name":"wp","href":"https:\/\/api.w.org\/{rel}","templated":true}]}}