{"id":7420,"date":"2021-03-17T20:09:01","date_gmt":"2021-03-17T20:09:01","guid":{"rendered":"https:\/\/grupodeestudiosafricanos.org\/cms\/?p=7420"},"modified":"2021-03-17T20:09:03","modified_gmt":"2021-03-17T20:09:03","slug":"el-contagio-economico-es-el-gran-contagio-que-se-produce-en-africa-subsahariana","status":"publish","type":"post","link":"https:\/\/grupodeestudiosafricanos.org\/en\/noticias\/el-contagio-economico-es-el-gran-contagio-que-se-produce-en-africa-subsahariana.html","title":{"rendered":"&#8220;El contagio econ\u00f3mico es el gran contagio que se produce en \u00c1frica Subsahariana&#8221;"},"content":{"rendered":"\n<h3 class=\"wp-block-heading\">El profesor Jaime Atienza convers\u00f3 sobre Financiaci\u00f3n al desarrollo y deuda externa africana durante la 28\u00aa sesi\u00f3n del #CIRA2021<\/h3>\n\n\n\n<p>Entre los impactos por Covid-19, &#8220;el contagio econ\u00f3mico es el gran contagio que se produce en \u00c1frica Subsahariana&#8221;, advirti\u00f3 el Prof. Jaime Atienza durante la 28\u00aa sesi\u00f3n del <a href=\"https:\/\/twitter.com\/hashtag\/CIRA2021?src=hashtag_click\">#CIRA2021<\/a> en la que expres\u00f3 que -en el contexto de esta crisis- hay una ca\u00edda de la actividad econ\u00f3mica en la regi\u00f3n.<\/p>\n\n\n\n<p>El investigador explic\u00f3 que desde el punto de vista econ\u00f3mico y comercial el primer impacto en el Continente se produjo cuando China cerr\u00f3 consecuencia de la pandemia, seguido por los cierre de Estados Unidos y Europa, situaci\u00f3n que ha repercutido en \u00c1frica Subsahariana donde las econom\u00edas comienzan a verse muy apretadas. <\/p>\n\n\n\n<p>Entre otras consecuencias, el economista coment\u00f3 que los pa\u00edses africanos sufren doble presi\u00f3n porque hay menor recaudaci\u00f3n de impuestos y mayor necesidad de gasto por lo que coment\u00f3 que parte de la lucha consiste en pedir la condonaci\u00f3n de la deuda y la vacuna universal, ya que hay que anteponer los servicios y bienes p\u00fablicos por encima de las l\u00f3gicas de la econom\u00eda de mercado.<\/p>\n\n\n\n<p>En otro orden de ideas, afirm\u00f3 que el peso financiero de los pa\u00edses occidentales en \u00c1frica ha ca\u00eddo y que actualmente 2\/3 de la deuda bilateral de los pa\u00edses subsaharianos es con China.<\/p>\n","protected":false},"excerpt":{"rendered":"<p>El profesor Jaime Atienza convers\u00f3 sobre Financiaci\u00f3n al desarrollo y deuda externa africana durante la 28\u00aa sesi\u00f3n del #CIRA2021 Entre los impactos por Covid-19, &#8220;el contagio econ\u00f3mico es el gran contagio que se produce en \u00c1frica Subsahariana&#8221;, advirti\u00f3 el Prof. Jaime Atienza durante la 28\u00aa sesi\u00f3n del #CIRA2021 en la que expres\u00f3 que -en el [&hellip;]<\/p>\n","protected":false},"author":7,"featured_media":7423,"comment_status":"closed","ping_status":"open","sticky":false,"template":"","format":"standard","meta":{"_acf_changed":false,"_et_pb_use_builder":"","_et_pb_old_content":"","_et_gb_content_width":"","footnotes":""},"categories":[9],"tags":[],"class_list":["post-7420","post","type-post","status-publish","format-standard","has-post-thumbnail","hentry","category-noticias"],"acf":[],"_links":{"self":[{"href":"https:\/\/grupodeestudiosafricanos.org\/en\/wp-json\/wp\/v2\/posts\/7420","targetHints":{"allow":["GET"]}}],"collection":[{"href":"https:\/\/grupodeestudiosafricanos.org\/en\/wp-json\/wp\/v2\/posts"}],"about":[{"href":"https:\/\/grupodeestudiosafricanos.org\/en\/wp-json\/wp\/v2\/types\/post"}],"author":[{"embeddable":true,"href":"https:\/\/grupodeestudiosafricanos.org\/en\/wp-json\/wp\/v2\/users\/7"}],"replies":[{"embeddable":true,"href":"https:\/\/grupodeestudiosafricanos.org\/en\/wp-json\/wp\/v2\/comments?post=7420"}],"version-history":[{"count":0,"href":"https:\/\/grupodeestudiosafricanos.org\/en\/wp-json\/wp\/v2\/posts\/7420\/revisions"}],"wp:featuredmedia":[{"embeddable":true,"href":"https:\/\/grupodeestudiosafricanos.org\/en\/wp-json\/wp\/v2\/media\/7423"}],"wp:attachment":[{"href":"https:\/\/grupodeestudiosafricanos.org\/en\/wp-json\/wp\/v2\/media?parent=7420"}],"wp:term":[{"taxonomy":"category","embeddable":true,"href":"https:\/\/grupodeestudiosafricanos.org\/en\/wp-json\/wp\/v2\/categories?post=7420"},{"taxonomy":"post_tag","embeddable":true,"href":"https:\/\/grupodeestudiosafricanos.org\/en\/wp-json\/wp\/v2\/tags?post=7420"}],"curies":[{"name":"wp","href":"https:\/\/api.w.org\/{rel}","templated":true}]}}