{"id":7392,"date":"2021-03-12T20:39:47","date_gmt":"2021-03-12T20:39:47","guid":{"rendered":"https:\/\/grupodeestudiosafricanos.org\/cms\/?p=7392"},"modified":"2021-03-12T20:39:49","modified_gmt":"2021-03-12T20:39:49","slug":"las-mujeres-negras-no-han-dejado-de-hablar-solo-que-no-las-hemos-sabido-escuchar","status":"publish","type":"post","link":"https:\/\/grupodeestudiosafricanos.org\/en\/noticias\/las-mujeres-negras-no-han-dejado-de-hablar-solo-que-no-las-hemos-sabido-escuchar.html","title":{"rendered":"&#8220;Las mujeres negras no han dejado de hablar solo que no las hemos sabido escuchar\u201d"},"content":{"rendered":"\n<h3 class=\"wp-block-heading\">La Prof.\u00aa Mercedes Jabardo convers\u00f3 sobre: Mujeres. migrantes y africanas en el #CIRA2021<\/h3>\n\n\n\n<p>Las mujeres africanas migrantes nunca est\u00e1n aisladas, est\u00e1n conectadas entre ellas desarrollando estrategias de inserci\u00f3n, econ\u00f3micas y de apoyo mutuo. \u201cLas mujeres negras no han dejado de hablar, solo que no las hemos sabido escuchar\u201d, expres\u00f3 la Prof.\u00aa Mercedes Jabardo en el  #CIRA2021.<\/p>\n\n\n\n<p>La antrop\u00f3loga explic\u00f3 que la ilegalidad ha dejado de estar en los papeles para estar en el cuerpo de los migrantes porque  se tipifica desde el lugar de origen y no de destino. \u201c Ahora les aplican el t\u00e9rmino clandestinos cuando est\u00e1n en el oc\u00e9ano antes de llegar a alg\u00fan destino, es decir, cuando salen ya tienen la carga de la clandestinidad\u201d, coment\u00f3.<\/p>\n\n\n\n<p>Sostuvo que la construcci\u00f3n del t\u00e9rmino &#8220;ilegal&#8221; no es natural porque tiene una carga pol\u00edtica e ideol\u00f3gica que le determina,  a la vez que coment\u00f3 que en Espa\u00f1a se empieza a ver un giro hacia la feminizaci\u00f3n de los procesos migratorios. &#8220;En los colectivos masculinizados es significativo el incremento de la migraci\u00f3n de las mujeres africanas&#8221;, afirm\u00f3.<\/p>\n\n\n\n<p>Jabardo destac\u00f3 que la generaci\u00f3n de la di\u00e1spora son ni\u00f1as que han nacido en Espa\u00f1a hijas de migrantes o que llegaron al pa\u00eds muy peque\u00f1as y que han tenido que construir su identidad entre dos mundos. <\/p>\n","protected":false},"excerpt":{"rendered":"<p>La Prof.\u00aa Mercedes Jabardo convers\u00f3 sobre: Mujeres. migrantes y africanas en el #CIRA2021 Las mujeres africanas migrantes nunca est\u00e1n aisladas, est\u00e1n conectadas entre ellas desarrollando estrategias de inserci\u00f3n, econ\u00f3micas y de apoyo mutuo. \u201cLas mujeres negras no han dejado de hablar, solo que no las hemos sabido escuchar\u201d, expres\u00f3 la Prof.\u00aa Mercedes Jabardo en el [&hellip;]<\/p>\n","protected":false},"author":7,"featured_media":7399,"comment_status":"open","ping_status":"closed","sticky":false,"template":"","format":"standard","meta":{"_acf_changed":false,"_et_pb_use_builder":"","_et_pb_old_content":"","_et_gb_content_width":"","footnotes":""},"categories":[9],"tags":[],"class_list":["post-7392","post","type-post","status-publish","format-standard","has-post-thumbnail","hentry","category-noticias"],"acf":[],"_links":{"self":[{"href":"https:\/\/grupodeestudiosafricanos.org\/en\/wp-json\/wp\/v2\/posts\/7392","targetHints":{"allow":["GET"]}}],"collection":[{"href":"https:\/\/grupodeestudiosafricanos.org\/en\/wp-json\/wp\/v2\/posts"}],"about":[{"href":"https:\/\/grupodeestudiosafricanos.org\/en\/wp-json\/wp\/v2\/types\/post"}],"author":[{"embeddable":true,"href":"https:\/\/grupodeestudiosafricanos.org\/en\/wp-json\/wp\/v2\/users\/7"}],"replies":[{"embeddable":true,"href":"https:\/\/grupodeestudiosafricanos.org\/en\/wp-json\/wp\/v2\/comments?post=7392"}],"version-history":[{"count":0,"href":"https:\/\/grupodeestudiosafricanos.org\/en\/wp-json\/wp\/v2\/posts\/7392\/revisions"}],"wp:featuredmedia":[{"embeddable":true,"href":"https:\/\/grupodeestudiosafricanos.org\/en\/wp-json\/wp\/v2\/media\/7399"}],"wp:attachment":[{"href":"https:\/\/grupodeestudiosafricanos.org\/en\/wp-json\/wp\/v2\/media?parent=7392"}],"wp:term":[{"taxonomy":"category","embeddable":true,"href":"https:\/\/grupodeestudiosafricanos.org\/en\/wp-json\/wp\/v2\/categories?post=7392"},{"taxonomy":"post_tag","embeddable":true,"href":"https:\/\/grupodeestudiosafricanos.org\/en\/wp-json\/wp\/v2\/tags?post=7392"}],"curies":[{"name":"wp","href":"https:\/\/api.w.org\/{rel}","templated":true}]}}