{"id":7324,"date":"2021-02-23T20:14:54","date_gmt":"2021-02-23T20:14:54","guid":{"rendered":"https:\/\/grupodeestudiosafricanos.org\/cms\/?p=7324"},"modified":"2021-02-23T20:14:56","modified_gmt":"2021-02-23T20:14:56","slug":"hay-que-descentrar-los-imaginarios-construidos-desde-la-biblioteca-colonial-segun-los-cuales-africa-no-tiene-historia-internacional","status":"publish","type":"post","link":"https:\/\/grupodeestudiosafricanos.org\/en\/noticias\/hay-que-descentrar-los-imaginarios-construidos-desde-la-biblioteca-colonial-segun-los-cuales-africa-no-tiene-historia-internacional.html","title":{"rendered":"&#8220;Hay que descentrar los imaginarios construidos desde la biblioteca colonial seg\u00fan los cuales \u00c1frica no tiene historia internacional&#8221;"},"content":{"rendered":"\n<h3 class=\"wp-block-heading\">La Prof.\u00aa  <strong>Itziar Ru\u00edz-Gim\u00e9nez Arrieta, durante la 17\u00aa sesi\u00f3n del #CIRA2021, convers\u00f3 sobre: <\/strong>La inserci\u00f3n de \u00c1frica en el Sistema internacional.<\/h3>\n\n\n\n<p>\u201c\u00c1frica es la protagonista de su propia historia. Hay que descentrar los imaginarios construidos desde la biblioteca colonial, seg\u00fan los cuales el Continente no tiene historia internacional o que su protagonismo ha sido m\u00ednimo, sostuvo la Prof.\u00aa  Itziar Ruiz-Gim\u00e9nez  durante la 17\u00aa sesi\u00f3n del #CIRA2021 en la cual convers\u00f3 sobre<strong>: <\/strong>La inserci\u00f3n de \u00c1frica en el Sistema internacional.<\/p>\n\n\n\n<p>\n\u201c\u00c1frica\nes heterog\u00e9nea compleja y diversa en cada una de sus regiones\u201d,\naclar\u00f3 la investigadora.<\/p>\n\n\n\n<p>\nLa\ncoordinadora del GEA-UAM expres\u00f3 que existe y se siguen produciendo\nlas resistencia que est\u00e1n transformando las l\u00f3gicas hegem\u00f3nicas y\nreconstruyendo otras que permiten hacer un relato muy diferente, en\neste caso sobre los asuntos africanos. \u201cSi hay algo que transforma\nel mundo internacional es la revuelta contra Occidente\u201d, enfatiz\u00f3.<\/p>\n\n\n\n<p>\nAfirm\u00f3\nque esa idea de que el modelo capitalista y la econom\u00eda del\ndesarrollo son el mejor modelo a seguir se ha desconstruido, ya que\nel accionar de todos los movimientos nos hacen ver que esa estructura\nglobal est\u00e1 en cuesti\u00f3n. \u201cEn cada momento hist\u00f3rico hay luchas.\nLo que hoy es diferente a hace 20 a\u00f1os es que hay unas grietas en la\nestructura discursiva de la hegemon\u00eda estructural que es\necon\u00f3micamente capitalista y  patriarcal\u201d.  \n<\/p>\n\n\n\n<p> Coment\u00f3 que ni los movimientos sociales son algo nuevos en \u00c1frica, ni la historia del Continente se puede entender sin la presencia de actores internacionales como Cuba y China entre otros.  <\/p>\n","protected":false},"excerpt":{"rendered":"<p>La Prof.\u00aa Itziar Ru\u00edz-Gim\u00e9nez Arrieta, durante la 17\u00aa sesi\u00f3n del #CIRA2021, convers\u00f3 sobre: La inserci\u00f3n de \u00c1frica en el Sistema internacional. \u201c\u00c1frica es la protagonista de su propia historia. Hay que descentrar los imaginarios construidos desde la biblioteca colonial, seg\u00fan los cuales el Continente no tiene historia internacional o que su protagonismo ha sido m\u00ednimo, [&hellip;]<\/p>\n","protected":false},"author":7,"featured_media":7325,"comment_status":"closed","ping_status":"open","sticky":false,"template":"","format":"standard","meta":{"_acf_changed":false,"_et_pb_use_builder":"","_et_pb_old_content":"","_et_gb_content_width":"","footnotes":""},"categories":[9],"tags":[],"class_list":["post-7324","post","type-post","status-publish","format-standard","has-post-thumbnail","hentry","category-noticias"],"acf":[],"_links":{"self":[{"href":"https:\/\/grupodeestudiosafricanos.org\/en\/wp-json\/wp\/v2\/posts\/7324","targetHints":{"allow":["GET"]}}],"collection":[{"href":"https:\/\/grupodeestudiosafricanos.org\/en\/wp-json\/wp\/v2\/posts"}],"about":[{"href":"https:\/\/grupodeestudiosafricanos.org\/en\/wp-json\/wp\/v2\/types\/post"}],"author":[{"embeddable":true,"href":"https:\/\/grupodeestudiosafricanos.org\/en\/wp-json\/wp\/v2\/users\/7"}],"replies":[{"embeddable":true,"href":"https:\/\/grupodeestudiosafricanos.org\/en\/wp-json\/wp\/v2\/comments?post=7324"}],"version-history":[{"count":0,"href":"https:\/\/grupodeestudiosafricanos.org\/en\/wp-json\/wp\/v2\/posts\/7324\/revisions"}],"wp:featuredmedia":[{"embeddable":true,"href":"https:\/\/grupodeestudiosafricanos.org\/en\/wp-json\/wp\/v2\/media\/7325"}],"wp:attachment":[{"href":"https:\/\/grupodeestudiosafricanos.org\/en\/wp-json\/wp\/v2\/media?parent=7324"}],"wp:term":[{"taxonomy":"category","embeddable":true,"href":"https:\/\/grupodeestudiosafricanos.org\/en\/wp-json\/wp\/v2\/categories?post=7324"},{"taxonomy":"post_tag","embeddable":true,"href":"https:\/\/grupodeestudiosafricanos.org\/en\/wp-json\/wp\/v2\/tags?post=7324"}],"curies":[{"name":"wp","href":"https:\/\/api.w.org\/{rel}","templated":true}]}}