{"id":6223,"date":"2019-02-14T23:46:48","date_gmt":"2019-02-14T23:46:48","guid":{"rendered":"https:\/\/grupodeestudiosafricanos.org\/cms\/?p=6223"},"modified":"2019-02-14T23:47:31","modified_gmt":"2019-02-14T23:47:31","slug":"hacia-mejores-indicadores-de-democracia-y-gobernanza-en-africa","status":"publish","type":"post","link":"https:\/\/grupodeestudiosafricanos.org\/en\/sin-categorizar\/hacia-mejores-indicadores-de-democracia-y-gobernanza-en-africa.html","title":{"rendered":"Hacia mejores indicadores de democracia y gobernanza en \u00c1frica"},"content":{"rendered":"\n<p>La evoluci\u00f3n de la democracia en el continente africano tras la Guerra fr\u00eda plantea numerosas cuestiones en torno a los indicadores de democracia y gobernanza para sus pa\u00edses. Jokin Alberdi destaca en el CIRA la necesidad de que sean indicadores infraestatales para poder desagregar f\u00e1cilmente los datos y tener una visi\u00f3n m\u00e1s completa y real del contexto; son necesarias herramientas de diagn\u00f3stico y de intervenci\u00f3n sofisticadas y adaptadas a cada territorio que tengan en cuenta tambi\u00e9n la capacidad de los mismos agentes para poder llevar a cabo cambios. <\/p>\n","protected":false},"excerpt":{"rendered":"<p>La evoluci\u00f3n de la democracia en el continente africano tras la Guerra fr\u00eda plantea numerosas cuestiones en torno a los indicadores de democracia y gobernanza para sus pa\u00edses. Jokin Alberdi destaca en el CIRA la necesidad de que sean indicadores infraestatales para poder desagregar f\u00e1cilmente los datos y tener una visi\u00f3n m\u00e1s completa y real [&hellip;]<\/p>\n","protected":false},"author":1,"featured_media":6224,"comment_status":"closed","ping_status":"open","sticky":false,"template":"","format":"standard","meta":{"_acf_changed":false,"_et_pb_use_builder":"","_et_pb_old_content":"","_et_gb_content_width":"","footnotes":""},"categories":[9,174,1],"tags":[],"class_list":["post-6223","post","type-post","status-publish","format-standard","has-post-thumbnail","hentry","category-noticias","category-noticias-desde-nuestro-facebook","category-sin-categorizar"],"acf":[],"_links":{"self":[{"href":"https:\/\/grupodeestudiosafricanos.org\/en\/wp-json\/wp\/v2\/posts\/6223","targetHints":{"allow":["GET"]}}],"collection":[{"href":"https:\/\/grupodeestudiosafricanos.org\/en\/wp-json\/wp\/v2\/posts"}],"about":[{"href":"https:\/\/grupodeestudiosafricanos.org\/en\/wp-json\/wp\/v2\/types\/post"}],"author":[{"embeddable":true,"href":"https:\/\/grupodeestudiosafricanos.org\/en\/wp-json\/wp\/v2\/users\/1"}],"replies":[{"embeddable":true,"href":"https:\/\/grupodeestudiosafricanos.org\/en\/wp-json\/wp\/v2\/comments?post=6223"}],"version-history":[{"count":0,"href":"https:\/\/grupodeestudiosafricanos.org\/en\/wp-json\/wp\/v2\/posts\/6223\/revisions"}],"wp:featuredmedia":[{"embeddable":true,"href":"https:\/\/grupodeestudiosafricanos.org\/en\/wp-json\/wp\/v2\/media\/6224"}],"wp:attachment":[{"href":"https:\/\/grupodeestudiosafricanos.org\/en\/wp-json\/wp\/v2\/media?parent=6223"}],"wp:term":[{"taxonomy":"category","embeddable":true,"href":"https:\/\/grupodeestudiosafricanos.org\/en\/wp-json\/wp\/v2\/categories?post=6223"},{"taxonomy":"post_tag","embeddable":true,"href":"https:\/\/grupodeestudiosafricanos.org\/en\/wp-json\/wp\/v2\/tags?post=6223"}],"curies":[{"name":"wp","href":"https:\/\/api.w.org\/{rel}","templated":true}]}}