{"id":12048,"date":"2026-04-07T10:47:48","date_gmt":"2026-04-07T10:47:48","guid":{"rendered":"https:\/\/grupodeestudiosafricanos.org\/?p=12048"},"modified":"2026-04-07T11:49:45","modified_gmt":"2026-04-07T11:49:45","slug":"ultimos-dias-para-preinscribirse-en-el-master-oficial-en-relaciones-internacionales-y-estudios-africanos-de-la-uam","status":"publish","type":"post","link":"https:\/\/grupodeestudiosafricanos.org\/en\/noticias\/ultimos-dias-para-preinscribirse-en-el-master-oficial-en-relaciones-internacionales-y-estudios-africanos-de-la-uam.html","title":{"rendered":"\u00daltimos d\u00edas para apuntarse en el M\u00e1ster Oficial en Relaciones Internacionales y Estudios Africanos de la UAM"},"content":{"rendered":"\n<p>El plazo para solicitar plaza en el <strong><a href=\"https:\/\/www.uam.es\/uam\/master-universitario-relaciones-internacionales-estudios-africanos\">M\u00e1ster Oficial en Relaciones Internacionales y Estudios Africanos <\/a>de la UAM<\/strong> entra en su recta final.<\/p>\n\n\n\n<p>Hasta el <strong>8 de abril de 2026<\/strong> permanece abierta la preinscripci\u00f3n para este programa de posgrado impartido en la <strong>U<\/strong><a href=\"https:\/\/www.uam.es\/uam\/inicio\"><strong>niversidad Aut\u00f3noma de Madrid<\/strong>,<\/a> una formaci\u00f3n especializada dirigida a quienes desean orientar su carrera hacia el an\u00e1lisis internacional, la diplomacia, la cooperaci\u00f3n o la investigaci\u00f3n.<\/p>\n\n\n\n<p>Si est\u00e1s terminando tu grado o ya lo has finalizado y buscas una formaci\u00f3n s\u00f3lida, cr\u00edtica y especializada en Relaciones Internacionales con un enfoque profundo en \u00c1frica, este m\u00e1ster constituye una oportunidad estrat\u00e9gica para tu futuro profesional.<\/p>\n\n\n\n<p>La solicitud puede presentarse aunque el grado a\u00fan no est\u00e9 completamente finalizado, pero es fundamental hacerlo dentro de este plazo. <\/p>\n\n\n\n<p>La mayor\u00eda de los m\u00e1steres oficiales cubren sus plazas en las primeras fases del proceso de admisi\u00f3n.<\/p>\n\n\n\n<p><strong>Presenta tu solicitud dentro del plazo y asegura tu plaza.<\/strong><\/p>\n\n\n\n<p><strong>Pincha aqu\u00ed<\/strong>:&nbsp;<a href=\"https:\/\/www.uam.es\/uam\/posgrado\/admision\">https:\/\/www.uam.es\/uam\/posgrado\/admision<\/a><\/p>\n","protected":false},"excerpt":{"rendered":"<p>El plazo para solicitar plaza en el M\u00e1ster Oficial en Relaciones Internacionales y Estudios Africanos de la UAM entra en su recta final. Hasta el 8 de abril de 2026 permanece abierta la preinscripci\u00f3n para este programa de posgrado impartido en la Universidad Aut\u00f3noma de Madrid, una formaci\u00f3n especializada dirigida a quienes desean orientar su [&hellip;]<\/p>\n","protected":false},"author":7,"featured_media":12051,"comment_status":"closed","ping_status":"closed","sticky":false,"template":"","format":"standard","meta":{"_acf_changed":false,"_et_pb_use_builder":"off","_et_pb_old_content":"","_et_gb_content_width":"","footnotes":""},"categories":[9,174,1],"tags":[3031,736,253],"class_list":["post-12048","post","type-post","status-publish","format-standard","has-post-thumbnail","hentry","category-noticias","category-noticias-desde-nuestro-facebook","category-sin-categorizar","tag-masterrriiyea","tag-africa","tag-master-riea"],"acf":[],"_links":{"self":[{"href":"https:\/\/grupodeestudiosafricanos.org\/en\/wp-json\/wp\/v2\/posts\/12048","targetHints":{"allow":["GET"]}}],"collection":[{"href":"https:\/\/grupodeestudiosafricanos.org\/en\/wp-json\/wp\/v2\/posts"}],"about":[{"href":"https:\/\/grupodeestudiosafricanos.org\/en\/wp-json\/wp\/v2\/types\/post"}],"author":[{"embeddable":true,"href":"https:\/\/grupodeestudiosafricanos.org\/en\/wp-json\/wp\/v2\/users\/7"}],"replies":[{"embeddable":true,"href":"https:\/\/grupodeestudiosafricanos.org\/en\/wp-json\/wp\/v2\/comments?post=12048"}],"version-history":[{"count":5,"href":"https:\/\/grupodeestudiosafricanos.org\/en\/wp-json\/wp\/v2\/posts\/12048\/revisions"}],"predecessor-version":[{"id":12056,"href":"https:\/\/grupodeestudiosafricanos.org\/en\/wp-json\/wp\/v2\/posts\/12048\/revisions\/12056"}],"wp:featuredmedia":[{"embeddable":true,"href":"https:\/\/grupodeestudiosafricanos.org\/en\/wp-json\/wp\/v2\/media\/12051"}],"wp:attachment":[{"href":"https:\/\/grupodeestudiosafricanos.org\/en\/wp-json\/wp\/v2\/media?parent=12048"}],"wp:term":[{"taxonomy":"category","embeddable":true,"href":"https:\/\/grupodeestudiosafricanos.org\/en\/wp-json\/wp\/v2\/categories?post=12048"},{"taxonomy":"post_tag","embeddable":true,"href":"https:\/\/grupodeestudiosafricanos.org\/en\/wp-json\/wp\/v2\/tags?post=12048"}],"curies":[{"name":"wp","href":"https:\/\/api.w.org\/{rel}","templated":true}]}}